
			
				

					
				

			
		{"items":"\n\t\t\t\t\t\t\t\t\t\t\t\n<article id=\"post-5150\" class=\"wd-post blog-design-list blog-post-loop blog-style-flat post-5150 post type-post status-publish format-standard has-post-thumbnail hentry category-uncategorized\">\n\t<div class=\"wd-post-inner\">\n\t\t<div class=\"wd-post-thumb\">\n\t\t\t\t\t\t\t<div class=\"wd-post-img\">\n\t\t\t\t\t<img width=\"1024\" height=\"341\" src=\"https:\/\/babyloli.pe\/wp-content\/uploads\/2025\/09\/Blog-prueba-test-2-1024x341.png\" class=\"attachment-large size-large\" alt=\"\" decoding=\"async\" fetchpriority=\"high\" srcset=\"https:\/\/babyloli.pe\/wp-content\/uploads\/2025\/09\/Blog-prueba-test-2-1024x341.png 1024w, https:\/\/babyloli.pe\/wp-content\/uploads\/2025\/09\/Blog-prueba-test-2-300x100.png 300w, https:\/\/babyloli.pe\/wp-content\/uploads\/2025\/09\/Blog-prueba-test-2-768x256.png 768w, https:\/\/babyloli.pe\/wp-content\/uploads\/2025\/09\/Blog-prueba-test-2-150x50.png 150w, https:\/\/babyloli.pe\/wp-content\/uploads\/2025\/09\/Blog-prueba-test-2.png 1200w\" sizes=\"(max-width: 1024px) 100vw, 1024px\" \/>\t\t\t\t<\/div>\n\t\t\t\t\t\t\t\t\t\t\t\t\t<link rel=\"stylesheet\" id=\"wd-post-types-mod-date-style-bg-css\" href=\"https:\/\/babyloli.pe\/wp-content\/themes\/woodmart\/css\/parts\/post-types-mod-date-style-bg.min.css?ver=8.2.7\" type=\"text\/css\" media=\"all\" \/> \t\t\t\t\t\t<div class=\"wd-post-date wd-style-with-bg\">\n\t\t\t\t<span class=\"post-date-day\">\n\t\t\t\t\t19\t\t\t\t<\/span>\n\t\t\t\t<span class=\"post-date-month\">\n\t\t\t\t\tSep\t\t\t\t<\/span>\n\t\t\t<\/div>\n\t\t\t\t\t\t\t\t\t\t\t<a class=\"wd-post-link wd-fill\" href=\"https:\/\/babyloli.pe\/mi-bebe-tiene-sueno-pero-no-duerme\/\" rel=\"bookmark\" aria-label=\"Enlace de la publicaci\u00f3n Mi beb\u00e9 tiene sue\u00f1o, pero no duerme\"><\/a>\n\t\t\t\t\t<\/div>\n\n\t\t<div class=\"wd-post-content\">\n\t\t\t<div class=\"wd-post-content-inner wd-scroll\">\n\t\t\t\t\t\t\t\t\t\t\t\t\t<h3 class=\"wd-post-title wd-entities-title title post-title\">\n\t\t\t\t\t\t<a href=\"https:\/\/babyloli.pe\/mi-bebe-tiene-sueno-pero-no-duerme\/\" rel=\"bookmark\">\n\t\t\t\t\t\t\tMi beb\u00e9 tiene sue\u00f1o, pero no duerme\t\t\t\t\t\t<\/a>\n\t\t\t\t\t<\/h3>\n\t\t\t\t\t\t\t\t\t\t\t\t\t<div class=\"wd-post-excerpt wd-scroll-content\">\n\t\t\t\t\t\t\t\t\t\t\t\t\tNo solo nosotros, como adultos, sino tambi\u00e9n los beb\u00e9s pueden tener problemas para dormir incluso teniendo sue\u00f1o. Hay muchas razones por lo que esto puede estar pas\u00e1ndole a tu beb\u00e9; y de hecho incluso...\t\t\t\t\t\t\t\t\t\t\t<\/div>\n\t\t\t\t\t\t\t<\/div>\n\t\t\t\t\t\t\t\t\t\t\t\t<div class=\"wd-post-read-more wd-style-btn\">\n\t\t\t\t\t\t<a class=\" btn\" href=\"https:\/\/babyloli.pe\/mi-bebe-tiene-sueno-pero-no-duerme\/\">Continuar leyendo<\/a>\t\t\t\t\t<\/div>\n\t\t\t\t\t\t\t\t\t<\/div>\n\t<\/div>\n<\/article>\n\t\t\t\t\t\t\t\t\t\t\t\n<article id=\"post-5147\" class=\"wd-post blog-design-list blog-post-loop blog-style-flat post-5147 post type-post status-publish format-standard has-post-thumbnail hentry category-uncategorized\">\n\t<div class=\"wd-post-inner\">\n\t\t<div class=\"wd-post-thumb\">\n\t\t\t\t\t\t\t<div class=\"wd-post-img\">\n\t\t\t\t\t<img width=\"1024\" height=\"768\" src=\"https:\/\/babyloli.pe\/wp-content\/uploads\/2025\/09\/Foto-Mi-hijo-tiene-miedo-a-dormir-solo-1024x768.jpg\" class=\"attachment-large size-large\" alt=\"\" decoding=\"async\" srcset=\"https:\/\/babyloli.pe\/wp-content\/uploads\/2025\/09\/Foto-Mi-hijo-tiene-miedo-a-dormir-solo-1024x768.jpg 1024w, https:\/\/babyloli.pe\/wp-content\/uploads\/2025\/09\/Foto-Mi-hijo-tiene-miedo-a-dormir-solo-300x225.jpg 300w, https:\/\/babyloli.pe\/wp-content\/uploads\/2025\/09\/Foto-Mi-hijo-tiene-miedo-a-dormir-solo-768x576.jpg 768w, https:\/\/babyloli.pe\/wp-content\/uploads\/2025\/09\/Foto-Mi-hijo-tiene-miedo-a-dormir-solo-150x113.jpg 150w, https:\/\/babyloli.pe\/wp-content\/uploads\/2025\/09\/Foto-Mi-hijo-tiene-miedo-a-dormir-solo.jpg 1200w\" sizes=\"(max-width: 1024px) 100vw, 1024px\" \/>\t\t\t\t<\/div>\n\t\t\t\t\t\t\t\t\t\t\t\t\t<div class=\"wd-post-date wd-style-with-bg\">\n\t\t\t\t<span class=\"post-date-day\">\n\t\t\t\t\t19\t\t\t\t<\/span>\n\t\t\t\t<span class=\"post-date-month\">\n\t\t\t\t\tSep\t\t\t\t<\/span>\n\t\t\t<\/div>\n\t\t\t\t\t\t\t\t\t\t\t<a class=\"wd-post-link wd-fill\" href=\"https:\/\/babyloli.pe\/mi-hijo-tiene-miedo-de-dormir-solo-como-puedo-ayudarlo-2\/\" rel=\"bookmark\" aria-label=\"Enlace de la publicaci\u00f3n Mi hijo tiene miedo de dormir solo. \u00bfC\u00f3mo puedo ayudarlo?\"><\/a>\n\t\t\t\t\t<\/div>\n\n\t\t<div class=\"wd-post-content\">\n\t\t\t<div class=\"wd-post-content-inner wd-scroll\">\n\t\t\t\t\t\t\t\t\t\t\t\t\t<h3 class=\"wd-post-title wd-entities-title title post-title\">\n\t\t\t\t\t\t<a href=\"https:\/\/babyloli.pe\/mi-hijo-tiene-miedo-de-dormir-solo-como-puedo-ayudarlo-2\/\" rel=\"bookmark\">\n\t\t\t\t\t\t\tMi hijo tiene miedo de dormir solo. \u00bfC\u00f3mo puedo ayudarlo?\t\t\t\t\t\t<\/a>\n\t\t\t\t\t<\/h3>\n\t\t\t\t\t\t\t\t\t\t\t\t\t<div class=\"wd-post-excerpt wd-scroll-content\">\n\t\t\t\t\t\t\t\t\t\t\t\t\tDurante los primeros seis meses de vida, es normal y recomendable que tu beb\u00e9 duerma en la misma habitaci\u00f3n que t\u00fa, aunque no en la misma cama; de esa manera se reduce el riesgo de muerte s\u00fabita en be...\t\t\t\t\t\t\t\t\t\t\t<\/div>\n\t\t\t\t\t\t\t<\/div>\n\t\t\t\t\t\t\t\t\t\t\t\t<div class=\"wd-post-read-more wd-style-btn\">\n\t\t\t\t\t\t<a class=\" btn\" href=\"https:\/\/babyloli.pe\/mi-hijo-tiene-miedo-de-dormir-solo-como-puedo-ayudarlo-2\/\">Continuar leyendo<\/a>\t\t\t\t\t<\/div>\n\t\t\t\t\t\t\t\t\t<\/div>\n\t<\/div>\n<\/article>\n\t\t\t\t\t\t\t\t\t\t\t\n<article id=\"post-5144\" class=\"wd-post blog-design-list blog-post-loop blog-style-flat post-5144 post type-post status-publish format-standard has-post-thumbnail hentry category-uncategorized\">\n\t<div class=\"wd-post-inner\">\n\t\t<div class=\"wd-post-thumb\">\n\t\t\t\t\t\t\t<div class=\"wd-post-img\">\n\t\t\t\t\t<img width=\"1024\" height=\"768\" src=\"https:\/\/babyloli.pe\/wp-content\/uploads\/2025\/09\/Que-es-el-insomnio-conductual-de-la-infancia-1024x768.jpg\" class=\"attachment-large size-large\" alt=\"\" decoding=\"async\" srcset=\"https:\/\/babyloli.pe\/wp-content\/uploads\/2025\/09\/Que-es-el-insomnio-conductual-de-la-infancia-1024x768.jpg 1024w, https:\/\/babyloli.pe\/wp-content\/uploads\/2025\/09\/Que-es-el-insomnio-conductual-de-la-infancia-300x225.jpg 300w, https:\/\/babyloli.pe\/wp-content\/uploads\/2025\/09\/Que-es-el-insomnio-conductual-de-la-infancia-768x576.jpg 768w, https:\/\/babyloli.pe\/wp-content\/uploads\/2025\/09\/Que-es-el-insomnio-conductual-de-la-infancia-150x113.jpg 150w, https:\/\/babyloli.pe\/wp-content\/uploads\/2025\/09\/Que-es-el-insomnio-conductual-de-la-infancia.jpg 1200w\" sizes=\"(max-width: 1024px) 100vw, 1024px\" \/>\t\t\t\t<\/div>\n\t\t\t\t\t\t\t\t\t\t\t\t\t<div class=\"wd-post-date wd-style-with-bg\">\n\t\t\t\t<span class=\"post-date-day\">\n\t\t\t\t\t19\t\t\t\t<\/span>\n\t\t\t\t<span class=\"post-date-month\">\n\t\t\t\t\tSep\t\t\t\t<\/span>\n\t\t\t<\/div>\n\t\t\t\t\t\t\t\t\t\t\t<a class=\"wd-post-link wd-fill\" href=\"https:\/\/babyloli.pe\/insomnio-conductual\/\" rel=\"bookmark\" aria-label=\"Enlace de la publicaci\u00f3n \u00bfQu\u00e9 es el insomnio conductual de la infancia?\"><\/a>\n\t\t\t\t\t<\/div>\n\n\t\t<div class=\"wd-post-content\">\n\t\t\t<div class=\"wd-post-content-inner wd-scroll\">\n\t\t\t\t\t\t\t\t\t\t\t\t\t<h3 class=\"wd-post-title wd-entities-title title post-title\">\n\t\t\t\t\t\t<a href=\"https:\/\/babyloli.pe\/insomnio-conductual\/\" rel=\"bookmark\">\n\t\t\t\t\t\t\t\u00bfQu\u00e9 es el insomnio conductual de la infancia?\t\t\t\t\t\t<\/a>\n\t\t\t\t\t<\/h3>\n\t\t\t\t\t\t\t\t\t\t\t\t\t<div class=\"wd-post-excerpt wd-scroll-content\">\n\t\t\t\t\t\t\t\t\t\t\t\t\tHay trastornos del sue\u00f1o que no solo nos afectan a los adultos o adolescentes, sino tambi\u00e9n a nuestros beb\u00e9s o ni\u00f1os peque\u00f1os. El insomnio es uno de estos problemas de sue\u00f1o. Pero \u00bfc\u00f3mo es el insomnio...\t\t\t\t\t\t\t\t\t\t\t<\/div>\n\t\t\t\t\t\t\t<\/div>\n\t\t\t\t\t\t\t\t\t\t\t\t<div class=\"wd-post-read-more wd-style-btn\">\n\t\t\t\t\t\t<a class=\" btn\" href=\"https:\/\/babyloli.pe\/insomnio-conductual\/\">Continuar leyendo<\/a>\t\t\t\t\t<\/div>\n\t\t\t\t\t\t\t\t\t<\/div>\n\t<\/div>\n<\/article>\n\t\t\t\t\t\t\t\t\t\t\t\n<article id=\"post-5141\" class=\"wd-post blog-design-list blog-post-loop blog-style-flat post-5141 post type-post status-publish format-standard has-post-thumbnail hentry category-uncategorized\">\n\t<div class=\"wd-post-inner\">\n\t\t<div class=\"wd-post-thumb\">\n\t\t\t\t\t\t\t<div class=\"wd-post-img\">\n\t\t\t\t\t<img width=\"1024\" height=\"768\" src=\"https:\/\/babyloli.pe\/wp-content\/uploads\/2025\/09\/Apnea-del-recien-nacido-signos-y-sintomas-1024x768.jpg\" class=\"attachment-large size-large\" alt=\"\" decoding=\"async\" loading=\"lazy\" srcset=\"https:\/\/babyloli.pe\/wp-content\/uploads\/2025\/09\/Apnea-del-recien-nacido-signos-y-sintomas-1024x768.jpg 1024w, https:\/\/babyloli.pe\/wp-content\/uploads\/2025\/09\/Apnea-del-recien-nacido-signos-y-sintomas-300x225.jpg 300w, https:\/\/babyloli.pe\/wp-content\/uploads\/2025\/09\/Apnea-del-recien-nacido-signos-y-sintomas-768x576.jpg 768w, https:\/\/babyloli.pe\/wp-content\/uploads\/2025\/09\/Apnea-del-recien-nacido-signos-y-sintomas-150x113.jpg 150w, https:\/\/babyloli.pe\/wp-content\/uploads\/2025\/09\/Apnea-del-recien-nacido-signos-y-sintomas.jpg 1200w\" sizes=\"auto, (max-width: 1024px) 100vw, 1024px\" \/>\t\t\t\t<\/div>\n\t\t\t\t\t\t\t\t\t\t\t\t\t<div class=\"wd-post-date wd-style-with-bg\">\n\t\t\t\t<span class=\"post-date-day\">\n\t\t\t\t\t19\t\t\t\t<\/span>\n\t\t\t\t<span class=\"post-date-month\">\n\t\t\t\t\tSep\t\t\t\t<\/span>\n\t\t\t<\/div>\n\t\t\t\t\t\t\t\t\t\t\t<a class=\"wd-post-link wd-fill\" href=\"https:\/\/babyloli.pe\/apnea-del-recien-nacido-signos-y-sintomas\/\" rel=\"bookmark\" aria-label=\"Enlace de la publicaci\u00f3n Apnea del reci\u00e9n nacido signos y s\u00edntomas\"><\/a>\n\t\t\t\t\t<\/div>\n\n\t\t<div class=\"wd-post-content\">\n\t\t\t<div class=\"wd-post-content-inner wd-scroll\">\n\t\t\t\t\t\t\t\t\t\t\t\t\t<h3 class=\"wd-post-title wd-entities-title title post-title\">\n\t\t\t\t\t\t<a href=\"https:\/\/babyloli.pe\/apnea-del-recien-nacido-signos-y-sintomas\/\" rel=\"bookmark\">\n\t\t\t\t\t\t\tApnea del reci\u00e9n nacido signos y s\u00edntomas\t\t\t\t\t\t<\/a>\n\t\t\t\t\t<\/h3>\n\t\t\t\t\t\t\t\t\t\t\t\t\t<div class=\"wd-post-excerpt wd-scroll-content\">\n\t\t\t\t\t\t\t\t\t\t\t\t\tUno de los mayores miedos que tenemos como padres es que nuestro bebito reci\u00e9n nacido deje de respirar mientras duerme. Despu\u00e9s de todo, nos aterra la idea de que nuestro peque\u00f1o forme parte de las es...\t\t\t\t\t\t\t\t\t\t\t<\/div>\n\t\t\t\t\t\t\t<\/div>\n\t\t\t\t\t\t\t\t\t\t\t\t<div class=\"wd-post-read-more wd-style-btn\">\n\t\t\t\t\t\t<a class=\" btn\" href=\"https:\/\/babyloli.pe\/apnea-del-recien-nacido-signos-y-sintomas\/\">Continuar leyendo<\/a>\t\t\t\t\t<\/div>\n\t\t\t\t\t\t\t\t\t<\/div>\n\t<\/div>\n<\/article>\n\t\t\t\t\t\t\t\t\t\t\t\n<article id=\"post-5138\" class=\"wd-post blog-design-list blog-post-loop blog-style-flat post-5138 post type-post status-publish format-standard has-post-thumbnail hentry category-uncategorized\">\n\t<div class=\"wd-post-inner\">\n\t\t<div class=\"wd-post-thumb\">\n\t\t\t\t\t\t\t<div class=\"wd-post-img\">\n\t\t\t\t\t<img width=\"1024\" height=\"768\" src=\"https:\/\/babyloli.pe\/wp-content\/uploads\/2025\/09\/Que-es-la-regresion-del-sueno-en-los-bebes-1024x768.jpg\" class=\"attachment-large size-large\" alt=\"\" decoding=\"async\" loading=\"lazy\" srcset=\"https:\/\/babyloli.pe\/wp-content\/uploads\/2025\/09\/Que-es-la-regresion-del-sueno-en-los-bebes-1024x768.jpg 1024w, https:\/\/babyloli.pe\/wp-content\/uploads\/2025\/09\/Que-es-la-regresion-del-sueno-en-los-bebes-300x225.jpg 300w, https:\/\/babyloli.pe\/wp-content\/uploads\/2025\/09\/Que-es-la-regresion-del-sueno-en-los-bebes-768x576.jpg 768w, https:\/\/babyloli.pe\/wp-content\/uploads\/2025\/09\/Que-es-la-regresion-del-sueno-en-los-bebes-150x113.jpg 150w, https:\/\/babyloli.pe\/wp-content\/uploads\/2025\/09\/Que-es-la-regresion-del-sueno-en-los-bebes.jpg 1200w\" sizes=\"auto, (max-width: 1024px) 100vw, 1024px\" \/>\t\t\t\t<\/div>\n\t\t\t\t\t\t\t\t\t\t\t\t\t<div class=\"wd-post-date wd-style-with-bg\">\n\t\t\t\t<span class=\"post-date-day\">\n\t\t\t\t\t19\t\t\t\t<\/span>\n\t\t\t\t<span class=\"post-date-month\">\n\t\t\t\t\tSep\t\t\t\t<\/span>\n\t\t\t<\/div>\n\t\t\t\t\t\t\t\t\t\t\t<a class=\"wd-post-link wd-fill\" href=\"https:\/\/babyloli.pe\/que-es-la-regresion-del-sueno-en-los-bebes\/\" rel=\"bookmark\" aria-label=\"Enlace de la publicaci\u00f3n \u00bfQu\u00e9 es la regresi\u00f3n del sue\u00f1o en los beb\u00e9s?\"><\/a>\n\t\t\t\t\t<\/div>\n\n\t\t<div class=\"wd-post-content\">\n\t\t\t<div class=\"wd-post-content-inner wd-scroll\">\n\t\t\t\t\t\t\t\t\t\t\t\t\t<h3 class=\"wd-post-title wd-entities-title title post-title\">\n\t\t\t\t\t\t<a href=\"https:\/\/babyloli.pe\/que-es-la-regresion-del-sueno-en-los-bebes\/\" rel=\"bookmark\">\n\t\t\t\t\t\t\t\u00bfQu\u00e9 es la regresi\u00f3n del sue\u00f1o en los beb\u00e9s?\t\t\t\t\t\t<\/a>\n\t\t\t\t\t<\/h3>\n\t\t\t\t\t\t\t\t\t\t\t\t\t<div class=\"wd-post-excerpt wd-scroll-content\">\n\t\t\t\t\t\t\t\t\t\t\t\t\t\u00bfHas o\u00eddo de la regresi\u00f3n del sue\u00f1o en beb\u00e9s? Si has llegado hasta aqu\u00ed es probable que sea porque tu bebito ha dado las primeras se\u00f1ales de este problema; por eso, en esta publicaci\u00f3n queremos hablar...\t\t\t\t\t\t\t\t\t\t\t<\/div>\n\t\t\t\t\t\t\t<\/div>\n\t\t\t\t\t\t\t\t\t\t\t\t<div class=\"wd-post-read-more wd-style-btn\">\n\t\t\t\t\t\t<a class=\" btn\" href=\"https:\/\/babyloli.pe\/que-es-la-regresion-del-sueno-en-los-bebes\/\">Continuar leyendo<\/a>\t\t\t\t\t<\/div>\n\t\t\t\t\t\t\t\t\t<\/div>\n\t<\/div>\n<\/article>\n\t\t\t\t\t\t\t\t\t\t\t\n<article id=\"post-5134\" class=\"wd-post blog-design-list blog-post-loop blog-style-flat post-5134 post type-post status-publish format-standard has-post-thumbnail hentry category-uncategorized\">\n\t<div class=\"wd-post-inner\">\n\t\t<div class=\"wd-post-thumb\">\n\t\t\t\t\t\t\t<div class=\"wd-post-img\">\n\t\t\t\t\t<img width=\"1024\" height=\"768\" src=\"https:\/\/babyloli.pe\/wp-content\/uploads\/2025\/09\/Que-es-el-ruido-blanco-y-como-ayuda-a-mi-bebe-1024x768.jpg\" class=\"attachment-large size-large\" alt=\"\" decoding=\"async\" loading=\"lazy\" srcset=\"https:\/\/babyloli.pe\/wp-content\/uploads\/2025\/09\/Que-es-el-ruido-blanco-y-como-ayuda-a-mi-bebe-1024x768.jpg 1024w, https:\/\/babyloli.pe\/wp-content\/uploads\/2025\/09\/Que-es-el-ruido-blanco-y-como-ayuda-a-mi-bebe-300x225.jpg 300w, https:\/\/babyloli.pe\/wp-content\/uploads\/2025\/09\/Que-es-el-ruido-blanco-y-como-ayuda-a-mi-bebe-768x576.jpg 768w, https:\/\/babyloli.pe\/wp-content\/uploads\/2025\/09\/Que-es-el-ruido-blanco-y-como-ayuda-a-mi-bebe-150x113.jpg 150w, https:\/\/babyloli.pe\/wp-content\/uploads\/2025\/09\/Que-es-el-ruido-blanco-y-como-ayuda-a-mi-bebe.jpg 1200w\" sizes=\"auto, (max-width: 1024px) 100vw, 1024px\" \/>\t\t\t\t<\/div>\n\t\t\t\t\t\t\t\t\t\t\t\t\t<div class=\"wd-post-date wd-style-with-bg\">\n\t\t\t\t<span class=\"post-date-day\">\n\t\t\t\t\t19\t\t\t\t<\/span>\n\t\t\t\t<span class=\"post-date-month\">\n\t\t\t\t\tSep\t\t\t\t<\/span>\n\t\t\t<\/div>\n\t\t\t\t\t\t\t\t\t\t\t<a class=\"wd-post-link wd-fill\" href=\"https:\/\/babyloli.pe\/que-es-el-ruido-blanco-y-como-ayuda-a-mi-bebe\/\" rel=\"bookmark\" aria-label=\"Enlace de la publicaci\u00f3n \u00bfQu\u00e9 es el ruido blanco y c\u00f3mo ayuda a mi beb\u00e9?\"><\/a>\n\t\t\t\t\t<\/div>\n\n\t\t<div class=\"wd-post-content\">\n\t\t\t<div class=\"wd-post-content-inner wd-scroll\">\n\t\t\t\t\t\t\t\t\t\t\t\t\t<h3 class=\"wd-post-title wd-entities-title title post-title\">\n\t\t\t\t\t\t<a href=\"https:\/\/babyloli.pe\/que-es-el-ruido-blanco-y-como-ayuda-a-mi-bebe\/\" rel=\"bookmark\">\n\t\t\t\t\t\t\t\u00bfQu\u00e9 es el ruido blanco y c\u00f3mo ayuda a mi beb\u00e9?\t\t\t\t\t\t<\/a>\n\t\t\t\t\t<\/h3>\n\t\t\t\t\t\t\t\t\t\t\t\t\t<div class=\"wd-post-excerpt wd-scroll-content\">\n\t\t\t\t\t\t\t\t\t\t\t\t\tCuando se trata de ayudar a nuestro beb\u00e9 a dormir mejor podemos recurrir a diferentes m\u00e9todos; por ejemplo, crear rutinas de sue\u00f1o como cantarle una canci\u00f3n de cuna antes de dormir o leerle un cuento;...\t\t\t\t\t\t\t\t\t\t\t<\/div>\n\t\t\t\t\t\t\t<\/div>\n\t\t\t\t\t\t\t\t\t\t\t\t<div class=\"wd-post-read-more wd-style-btn\">\n\t\t\t\t\t\t<a class=\" btn\" href=\"https:\/\/babyloli.pe\/que-es-el-ruido-blanco-y-como-ayuda-a-mi-bebe\/\">Continuar leyendo<\/a>\t\t\t\t\t<\/div>\n\t\t\t\t\t\t\t\t\t<\/div>\n\t<\/div>\n<\/article>\n\t\t\t\t\t\t\t\t\t\t\t\n<article id=\"post-5131\" class=\"wd-post blog-design-list blog-post-loop blog-style-flat post-5131 post type-post status-publish format-standard has-post-thumbnail hentry category-uncategorized\">\n\t<div class=\"wd-post-inner\">\n\t\t<div class=\"wd-post-thumb\">\n\t\t\t\t\t\t\t<div class=\"wd-post-img\">\n\t\t\t\t\t<img width=\"1024\" height=\"768\" src=\"https:\/\/babyloli.pe\/wp-content\/uploads\/2025\/09\/2-5-Consejos-para-mejorar-la-calidad-de-sueno-de-tu-bebito-1024x768.jpg\" class=\"attachment-large size-large\" alt=\"\" decoding=\"async\" loading=\"lazy\" srcset=\"https:\/\/babyloli.pe\/wp-content\/uploads\/2025\/09\/2-5-Consejos-para-mejorar-la-calidad-de-sueno-de-tu-bebito-1024x768.jpg 1024w, https:\/\/babyloli.pe\/wp-content\/uploads\/2025\/09\/2-5-Consejos-para-mejorar-la-calidad-de-sueno-de-tu-bebito-300x225.jpg 300w, https:\/\/babyloli.pe\/wp-content\/uploads\/2025\/09\/2-5-Consejos-para-mejorar-la-calidad-de-sueno-de-tu-bebito-768x576.jpg 768w, https:\/\/babyloli.pe\/wp-content\/uploads\/2025\/09\/2-5-Consejos-para-mejorar-la-calidad-de-sueno-de-tu-bebito-150x113.jpg 150w, https:\/\/babyloli.pe\/wp-content\/uploads\/2025\/09\/2-5-Consejos-para-mejorar-la-calidad-de-sueno-de-tu-bebito.jpg 1200w\" sizes=\"auto, (max-width: 1024px) 100vw, 1024px\" \/>\t\t\t\t<\/div>\n\t\t\t\t\t\t\t\t\t\t\t\t\t<div class=\"wd-post-date wd-style-with-bg\">\n\t\t\t\t<span class=\"post-date-day\">\n\t\t\t\t\t19\t\t\t\t<\/span>\n\t\t\t\t<span class=\"post-date-month\">\n\t\t\t\t\tSep\t\t\t\t<\/span>\n\t\t\t<\/div>\n\t\t\t\t\t\t\t\t\t\t\t<a class=\"wd-post-link wd-fill\" href=\"https:\/\/babyloli.pe\/5-consejos-para-mejorar-la-calidad-de-sueno-de-tu-bebito\/\" rel=\"bookmark\" aria-label=\"Enlace de la publicaci\u00f3n 5 Consejos para mejorar la calidad de sue\u00f1o de tu bebito\"><\/a>\n\t\t\t\t\t<\/div>\n\n\t\t<div class=\"wd-post-content\">\n\t\t\t<div class=\"wd-post-content-inner wd-scroll\">\n\t\t\t\t\t\t\t\t\t\t\t\t\t<h3 class=\"wd-post-title wd-entities-title title post-title\">\n\t\t\t\t\t\t<a href=\"https:\/\/babyloli.pe\/5-consejos-para-mejorar-la-calidad-de-sueno-de-tu-bebito\/\" rel=\"bookmark\">\n\t\t\t\t\t\t\t5 Consejos para mejorar la calidad de sue\u00f1o de tu bebito\t\t\t\t\t\t<\/a>\n\t\t\t\t\t<\/h3>\n\t\t\t\t\t\t\t\t\t\t\t\t\t<div class=\"wd-post-excerpt wd-scroll-content\">\n\t\t\t\t\t\t\t\t\t\t\t\t\tQuienes hemos tenido un bebito en casa, sabemos lo dif\u00edcil que es ayudarlo a conciliar el sue\u00f1o; no solo los primeros meses de vida, sino incluso cuando pasan los seis meses de edad. Si bien existen d...\t\t\t\t\t\t\t\t\t\t\t<\/div>\n\t\t\t\t\t\t\t<\/div>\n\t\t\t\t\t\t\t\t\t\t\t\t<div class=\"wd-post-read-more wd-style-btn\">\n\t\t\t\t\t\t<a class=\" btn\" href=\"https:\/\/babyloli.pe\/5-consejos-para-mejorar-la-calidad-de-sueno-de-tu-bebito\/\">Continuar leyendo<\/a>\t\t\t\t\t<\/div>\n\t\t\t\t\t\t\t\t\t<\/div>\n\t<\/div>\n<\/article>\n\t\t\t\t\t\t\t\t\t\t\t\n<article id=\"post-5128\" class=\"wd-post blog-design-list blog-post-loop blog-style-flat post-5128 post type-post status-publish format-standard has-post-thumbnail hentry category-uncategorized\">\n\t<div class=\"wd-post-inner\">\n\t\t<div class=\"wd-post-thumb\">\n\t\t\t\t\t\t\t<div class=\"wd-post-img\">\n\t\t\t\t\t<img width=\"1024\" height=\"768\" src=\"https:\/\/babyloli.pe\/wp-content\/uploads\/2025\/09\/4-Nutricion-y-sueno-como-la-alimentacion-afecta-los-patrones-de-sueno-del-bebe-1024x768.jpg\" class=\"attachment-large size-large\" alt=\"\" decoding=\"async\" loading=\"lazy\" srcset=\"https:\/\/babyloli.pe\/wp-content\/uploads\/2025\/09\/4-Nutricion-y-sueno-como-la-alimentacion-afecta-los-patrones-de-sueno-del-bebe-1024x768.jpg 1024w, https:\/\/babyloli.pe\/wp-content\/uploads\/2025\/09\/4-Nutricion-y-sueno-como-la-alimentacion-afecta-los-patrones-de-sueno-del-bebe-300x225.jpg 300w, https:\/\/babyloli.pe\/wp-content\/uploads\/2025\/09\/4-Nutricion-y-sueno-como-la-alimentacion-afecta-los-patrones-de-sueno-del-bebe-768x576.jpg 768w, https:\/\/babyloli.pe\/wp-content\/uploads\/2025\/09\/4-Nutricion-y-sueno-como-la-alimentacion-afecta-los-patrones-de-sueno-del-bebe-150x113.jpg 150w, https:\/\/babyloli.pe\/wp-content\/uploads\/2025\/09\/4-Nutricion-y-sueno-como-la-alimentacion-afecta-los-patrones-de-sueno-del-bebe.jpg 1200w\" sizes=\"auto, (max-width: 1024px) 100vw, 1024px\" \/>\t\t\t\t<\/div>\n\t\t\t\t\t\t\t\t\t\t\t\t\t<div class=\"wd-post-date wd-style-with-bg\">\n\t\t\t\t<span class=\"post-date-day\">\n\t\t\t\t\t19\t\t\t\t<\/span>\n\t\t\t\t<span class=\"post-date-month\">\n\t\t\t\t\tSep\t\t\t\t<\/span>\n\t\t\t<\/div>\n\t\t\t\t\t\t\t\t\t\t\t<a class=\"wd-post-link wd-fill\" href=\"https:\/\/babyloli.pe\/nutricion-sueno-como-alimentacion-afecta-los-patrones-de-sueno-del-bebe\/\" rel=\"bookmark\" aria-label=\"Enlace de la publicaci\u00f3n Nutrici\u00f3n y sue\u00f1o: c\u00f3mo la alimentaci\u00f3n afecta los patrones de sue\u00f1o del beb\u00e9\"><\/a>\n\t\t\t\t\t<\/div>\n\n\t\t<div class=\"wd-post-content\">\n\t\t\t<div class=\"wd-post-content-inner wd-scroll\">\n\t\t\t\t\t\t\t\t\t\t\t\t\t<h3 class=\"wd-post-title wd-entities-title title post-title\">\n\t\t\t\t\t\t<a href=\"https:\/\/babyloli.pe\/nutricion-sueno-como-alimentacion-afecta-los-patrones-de-sueno-del-bebe\/\" rel=\"bookmark\">\n\t\t\t\t\t\t\tNutrici\u00f3n y sue\u00f1o: c\u00f3mo la alimentaci\u00f3n afecta los patrones de sue\u00f1o del beb\u00e9\t\t\t\t\t\t<\/a>\n\t\t\t\t\t<\/h3>\n\t\t\t\t\t\t\t\t\t\t\t\t\t<div class=\"wd-post-excerpt wd-scroll-content\">\n\t\t\t\t\t\t\t\t\t\t\t\t\t\u00bfSab\u00edas que la alimentaci\u00f3n de tu bebito puede estar afectando su sue\u00f1o? Aunque no lo creas existen estudios que han investigado el impacto de amamantar, versus la f\u00f3rmula respecto a la calidad del su...\t\t\t\t\t\t\t\t\t\t\t<\/div>\n\t\t\t\t\t\t\t<\/div>\n\t\t\t\t\t\t\t\t\t\t\t\t<div class=\"wd-post-read-more wd-style-btn\">\n\t\t\t\t\t\t<a class=\" btn\" href=\"https:\/\/babyloli.pe\/nutricion-sueno-como-alimentacion-afecta-los-patrones-de-sueno-del-bebe\/\">Continuar leyendo<\/a>\t\t\t\t\t<\/div>\n\t\t\t\t\t\t\t\t\t<\/div>\n\t<\/div>\n<\/article>\n\t\t\t\t\t\t\t\t\t\t\t\n<article id=\"post-5125\" class=\"wd-post blog-design-list blog-post-loop blog-style-flat post-5125 post type-post status-publish format-standard has-post-thumbnail hentry category-uncategorized\">\n\t<div class=\"wd-post-inner\">\n\t\t<div class=\"wd-post-thumb\">\n\t\t\t\t\t\t\t<div class=\"wd-post-img\">\n\t\t\t\t\t<img width=\"1024\" height=\"768\" src=\"https:\/\/babyloli.pe\/wp-content\/uploads\/2025\/09\/3-Manejo-del-llanto-nocturno-tecnicas-para-calmar-a-tu-bebe-1024x768.jpg\" class=\"attachment-large size-large\" alt=\"\" decoding=\"async\" loading=\"lazy\" srcset=\"https:\/\/babyloli.pe\/wp-content\/uploads\/2025\/09\/3-Manejo-del-llanto-nocturno-tecnicas-para-calmar-a-tu-bebe-1024x768.jpg 1024w, https:\/\/babyloli.pe\/wp-content\/uploads\/2025\/09\/3-Manejo-del-llanto-nocturno-tecnicas-para-calmar-a-tu-bebe-300x225.jpg 300w, https:\/\/babyloli.pe\/wp-content\/uploads\/2025\/09\/3-Manejo-del-llanto-nocturno-tecnicas-para-calmar-a-tu-bebe-768x576.jpg 768w, https:\/\/babyloli.pe\/wp-content\/uploads\/2025\/09\/3-Manejo-del-llanto-nocturno-tecnicas-para-calmar-a-tu-bebe-150x113.jpg 150w, https:\/\/babyloli.pe\/wp-content\/uploads\/2025\/09\/3-Manejo-del-llanto-nocturno-tecnicas-para-calmar-a-tu-bebe.jpg 1200w\" sizes=\"auto, (max-width: 1024px) 100vw, 1024px\" \/>\t\t\t\t<\/div>\n\t\t\t\t\t\t\t\t\t\t\t\t\t<div class=\"wd-post-date wd-style-with-bg\">\n\t\t\t\t<span class=\"post-date-day\">\n\t\t\t\t\t19\t\t\t\t<\/span>\n\t\t\t\t<span class=\"post-date-month\">\n\t\t\t\t\tSep\t\t\t\t<\/span>\n\t\t\t<\/div>\n\t\t\t\t\t\t\t\t\t\t\t<a class=\"wd-post-link wd-fill\" href=\"https:\/\/babyloli.pe\/manejo-del-llanto-nocturno-tecnicas-para-calmar-a-tu-bebe-y-promover-un-sueno-tranquilo\/\" rel=\"bookmark\" aria-label=\"Enlace de la publicaci\u00f3n Manejo del llanto nocturno: t\u00e9cnicas para calmar a tu beb\u00e9 y promover un sue\u00f1o tranquilo\"><\/a>\n\t\t\t\t\t<\/div>\n\n\t\t<div class=\"wd-post-content\">\n\t\t\t<div class=\"wd-post-content-inner wd-scroll\">\n\t\t\t\t\t\t\t\t\t\t\t\t\t<h3 class=\"wd-post-title wd-entities-title title post-title\">\n\t\t\t\t\t\t<a href=\"https:\/\/babyloli.pe\/manejo-del-llanto-nocturno-tecnicas-para-calmar-a-tu-bebe-y-promover-un-sueno-tranquilo\/\" rel=\"bookmark\">\n\t\t\t\t\t\t\tManejo del llanto nocturno: t\u00e9cnicas para calmar a tu beb\u00e9 y promover un sue\u00f1o tranquilo\t\t\t\t\t\t<\/a>\n\t\t\t\t\t<\/h3>\n\t\t\t\t\t\t\t\t\t\t\t\t\t<div class=\"wd-post-excerpt wd-scroll-content\">\n\t\t\t\t\t\t\t\t\t\t\t\t\t\u00bfTu bebito despierta llorando por las noches? El llanto nocturno no solo afecta la calidad de sue\u00f1o de tu beb\u00e9, sino tambi\u00e9n el tuyo; adem\u00e1s, como mami o papi te preocupas por el bienestar de tu peque...\t\t\t\t\t\t\t\t\t\t\t<\/div>\n\t\t\t\t\t\t\t<\/div>\n\t\t\t\t\t\t\t\t\t\t\t\t<div class=\"wd-post-read-more wd-style-btn\">\n\t\t\t\t\t\t<a class=\" btn\" href=\"https:\/\/babyloli.pe\/manejo-del-llanto-nocturno-tecnicas-para-calmar-a-tu-bebe-y-promover-un-sueno-tranquilo\/\">Continuar leyendo<\/a>\t\t\t\t\t<\/div>\n\t\t\t\t\t\t\t\t\t<\/div>\n\t<\/div>\n<\/article>\n\t\t\t\t\t\t\t\t\t\t\t\n<article id=\"post-5122\" class=\"wd-post blog-design-list blog-post-loop blog-style-flat post-5122 post type-post status-publish format-standard has-post-thumbnail hentry category-uncategorized\">\n\t<div class=\"wd-post-inner\">\n\t\t<div class=\"wd-post-thumb\">\n\t\t\t\t\t\t\t<div class=\"wd-post-img\">\n\t\t\t\t\t<img width=\"1024\" height=\"768\" src=\"https:\/\/babyloli.pe\/wp-content\/uploads\/2025\/09\/1-Como-tratar-los-despertares-nocturnos-en-bebes-1024x768.jpg\" class=\"attachment-large size-large\" alt=\"\" decoding=\"async\" loading=\"lazy\" srcset=\"https:\/\/babyloli.pe\/wp-content\/uploads\/2025\/09\/1-Como-tratar-los-despertares-nocturnos-en-bebes-1024x768.jpg 1024w, https:\/\/babyloli.pe\/wp-content\/uploads\/2025\/09\/1-Como-tratar-los-despertares-nocturnos-en-bebes-300x225.jpg 300w, https:\/\/babyloli.pe\/wp-content\/uploads\/2025\/09\/1-Como-tratar-los-despertares-nocturnos-en-bebes-768x576.jpg 768w, https:\/\/babyloli.pe\/wp-content\/uploads\/2025\/09\/1-Como-tratar-los-despertares-nocturnos-en-bebes-150x113.jpg 150w, https:\/\/babyloli.pe\/wp-content\/uploads\/2025\/09\/1-Como-tratar-los-despertares-nocturnos-en-bebes.jpg 1200w\" sizes=\"auto, (max-width: 1024px) 100vw, 1024px\" \/>\t\t\t\t<\/div>\n\t\t\t\t\t\t\t\t\t\t\t\t\t<div class=\"wd-post-date wd-style-with-bg\">\n\t\t\t\t<span class=\"post-date-day\">\n\t\t\t\t\t19\t\t\t\t<\/span>\n\t\t\t\t<span class=\"post-date-month\">\n\t\t\t\t\tSep\t\t\t\t<\/span>\n\t\t\t<\/div>\n\t\t\t\t\t\t\t\t\t\t\t<a class=\"wd-post-link wd-fill\" href=\"https:\/\/babyloli.pe\/como-tratar-los-despertares-nocturnos-en-bebes\/\" rel=\"bookmark\" aria-label=\"Enlace de la publicaci\u00f3n C\u00f3mo tratar los despertares nocturnos en beb\u00e9s\"><\/a>\n\t\t\t\t\t<\/div>\n\n\t\t<div class=\"wd-post-content\">\n\t\t\t<div class=\"wd-post-content-inner wd-scroll\">\n\t\t\t\t\t\t\t\t\t\t\t\t\t<h3 class=\"wd-post-title wd-entities-title title post-title\">\n\t\t\t\t\t\t<a href=\"https:\/\/babyloli.pe\/como-tratar-los-despertares-nocturnos-en-bebes\/\" rel=\"bookmark\">\n\t\t\t\t\t\t\tC\u00f3mo tratar los despertares nocturnos en beb\u00e9s\t\t\t\t\t\t<\/a>\n\t\t\t\t\t<\/h3>\n\t\t\t\t\t\t\t\t\t\t\t\t\t<div class=\"wd-post-excerpt wd-scroll-content\">\n\t\t\t\t\t\t\t\t\t\t\t\t\t\u00a1Mamita! Como bien sabes es com\u00fan que durante los primeros meses de vida tu bebito se despierte varias veces durante la noche. Esto se debe a que a\u00fan su ritmo circadiano no ha madurado y est\u00e1n aprendi...\t\t\t\t\t\t\t\t\t\t\t<\/div>\n\t\t\t\t\t\t\t<\/div>\n\t\t\t\t\t\t\t\t\t\t\t\t<div class=\"wd-post-read-more wd-style-btn\">\n\t\t\t\t\t\t<a class=\" btn\" href=\"https:\/\/babyloli.pe\/como-tratar-los-despertares-nocturnos-en-bebes\/\">Continuar leyendo<\/a>\t\t\t\t\t<\/div>\n\t\t\t\t\t\t\t\t\t<\/div>\n\t<\/div>\n<\/article>\n\t\t\t\t\t\n\t\t\t\t\t","status":"have-posts","nextPage":"https:\/\/babyloli.pe\/blog\/page\/3\/?woo_ajax=1","currentPage":"https:\/\/babyloli.pe\/blog\/page\/2"}